{"id":5189,"date":"2019-02-06T16:43:22","date_gmt":"2019-02-06T15:43:22","guid":{"rendered":"https:\/\/www.commander1024.de\/wordpress\/?p=5189"},"modified":"2019-02-06T20:09:42","modified_gmt":"2019-02-06T19:09:42","slug":"urlaub-galizien-2018-foto-tour","status":"publish","type":"post","link":"https:\/\/www.commander1024.de\/wordpress\/2019\/02\/urlaub-galizien-2018-foto-tour\/","title":{"rendered":"Urlaub Galizien 2018 Foto-Tour"},"content":{"rendered":"\n<p class=\"has-small-font-size\">Dieser Artikel lag jetzt schon eine ganze Weile seit dem Urlaub unfertig herum. Urspr\u00fcnglich wollte ich ihn zusammen mit den Fotos ver\u00f6ffentlichen. An der Front werde ich aber derzeit von einer defekten Festplatte im NAS ausgebremst. Das hatte ich in der Folge heruntergefahren, um Datenverlust vorzubeugen. Daher gibt es hier auch bislang nur Handyfotos zu sehen. Tats\u00e4chlich war ich seitdem sogar nochmal &#8222;dr\u00fcben&#8220;. <span class=\"wp-font-emots-emo-wink\"><\/span> <\/p> \n\n\n\n<p class=\"has-drop-cap\">Lang war er her, der letzte Urlaub, so war es h\u00f6chste Zeit, den hiesigen, h\u00f6llischen Temperaturen zu entfliehen und in den k\u00fchleren S\u00fcden zu entfliehen (~37\u00b0C vs. ~24\u00b0C!!) &#8211; genauer in Spaniens Norden nach Galizien. <\/p> \n\n\n\n<figure class=\"wp-block-image\"><a href=\"https:\/\/www.commander1024.de\/wordpress\/wp-content\/uploads\/2019\/02\/DSC_2784-e1549467103276.jpg\"><img loading=\"lazy\" decoding=\"async\" width=\"756\" height=\"425\" src=\"https:\/\/www.commander1024.de\/wordpress\/wp-content\/uploads\/2019\/02\/DSC_2784-e1549467103276-756x425.jpg\" alt=\"Der Sommer war auch in Spanien im Landesinneren ziemlich gnadenlos mit der Vegetation.\" class=\"wp-image-5511\" srcset=\"https:\/\/www.commander1024.de\/wordpress\/wp-content\/uploads\/2019\/02\/DSC_2784-e1549467103276-756x425.jpg 756w, https:\/\/www.commander1024.de\/wordpress\/wp-content\/uploads\/2019\/02\/DSC_2784-e1549467103276-800x450.jpg 800w, https:\/\/www.commander1024.de\/wordpress\/wp-content\/uploads\/2019\/02\/DSC_2784-e1549467103276-1920x1080.jpg 1920w, https:\/\/www.commander1024.de\/wordpress\/wp-content\/uploads\/2019\/02\/DSC_2784-e1549467103276-300x169.jpg 300w, https:\/\/www.commander1024.de\/wordpress\/wp-content\/uploads\/2019\/02\/DSC_2784-e1549467103276-768x432.jpg 768w, https:\/\/www.commander1024.de\/wordpress\/wp-content\/uploads\/2019\/02\/DSC_2784-e1549467103276-1536x864.jpg 1536w, https:\/\/www.commander1024.de\/wordpress\/wp-content\/uploads\/2019\/02\/DSC_2784-e1549467103276-2048x1152.jpg 2048w, https:\/\/www.commander1024.de\/wordpress\/wp-content\/uploads\/2019\/02\/DSC_2784-e1549467103276-2000x1125.jpg 2000w, https:\/\/www.commander1024.de\/wordpress\/wp-content\/uploads\/2019\/02\/DSC_2784-e1549467103276-1600x900.jpg 1600w, https:\/\/www.commander1024.de\/wordpress\/wp-content\/uploads\/2019\/02\/DSC_2784-e1549467103276-150x84.jpg 150w, https:\/\/www.commander1024.de\/wordpress\/wp-content\/uploads\/2019\/02\/DSC_2784-e1549467103276-945x532.jpg 945w, https:\/\/www.commander1024.de\/wordpress\/wp-content\/uploads\/2019\/02\/DSC_2784-e1549467103276-600x338.jpg 600w\" sizes=\"auto, (max-width: 756px) 100vw, 756px\" \/><\/a><figcaption>Der Sommer war auch in Spanien im Landesinneren ziemlich gnadenlos mit der Vegetation.<\/figcaption><\/figure>\n\n\n\n<figure class=\"wp-block-pullquote\"><blockquote> <p> Eine Investition ins Reisen ist eine Investition in dich selbst. <\/p> <cite>Matthew Karsten<\/cite><\/blockquote><\/figure>\n\n\n\n <p> Geflogen bin ich mit meiner Tochter und habe die Familie meiner Schwester besucht. Ein bisschen eine Kombination aus Familienurlaub, Fitnessprogramm und Selbstfindung aus der Depression. <br \/>  <\/p> \n\n\n\n<h2 class=\"wp-block-heading\">Erholung ohne zu rasten &#8211; k\u00f6rperlich wie geistig<\/h2>\n\n\n\n <p> Tags\u00fcber Strandurlaub und Kinderbespa\u00dfung, abends\/nachts lange Spazierg\u00e4nge &#8211; mit Sound auf den Ohren und Kamera am Mann. Und dazwischen lesen und die Seele baumeln lassen. So habe ich &#8211; nach Jahren &#8211; mal wieder 2 Unterhaltungsb\u00fccher gelesen. Im Alltag dominieren sonst eher Fachliteratur und Dokumentation. <\/p> \n\n\n\n<figure class=\"wp-block-image\"><a href=\"https:\/\/www.commander1024.de\/wordpress\/wp-content\/uploads\/2019\/02\/DSC_2743.jpg\"><img loading=\"lazy\" decoding=\"async\" width=\"756\" height=\"425\" src=\"https:\/\/www.commander1024.de\/wordpress\/wp-content\/uploads\/2019\/02\/DSC_2743-756x425.jpg\" alt=\"Strand mit Palmen und Tretboten\" class=\"wp-image-5509\" srcset=\"https:\/\/www.commander1024.de\/wordpress\/wp-content\/uploads\/2019\/02\/DSC_2743-756x425.jpg 756w, https:\/\/www.commander1024.de\/wordpress\/wp-content\/uploads\/2019\/02\/DSC_2743-800x450.jpg 800w, https:\/\/www.commander1024.de\/wordpress\/wp-content\/uploads\/2019\/02\/DSC_2743-1920x1080.jpg 1920w, https:\/\/www.commander1024.de\/wordpress\/wp-content\/uploads\/2019\/02\/DSC_2743-300x169.jpg 300w, https:\/\/www.commander1024.de\/wordpress\/wp-content\/uploads\/2019\/02\/DSC_2743-768x432.jpg 768w, https:\/\/www.commander1024.de\/wordpress\/wp-content\/uploads\/2019\/02\/DSC_2743-1536x864.jpg 1536w, https:\/\/www.commander1024.de\/wordpress\/wp-content\/uploads\/2019\/02\/DSC_2743-2048x1152.jpg 2048w, https:\/\/www.commander1024.de\/wordpress\/wp-content\/uploads\/2019\/02\/DSC_2743-2000x1125.jpg 2000w, https:\/\/www.commander1024.de\/wordpress\/wp-content\/uploads\/2019\/02\/DSC_2743-1600x900.jpg 1600w, https:\/\/www.commander1024.de\/wordpress\/wp-content\/uploads\/2019\/02\/DSC_2743-150x84.jpg 150w, https:\/\/www.commander1024.de\/wordpress\/wp-content\/uploads\/2019\/02\/DSC_2743-945x532.jpg 945w, https:\/\/www.commander1024.de\/wordpress\/wp-content\/uploads\/2019\/02\/DSC_2743-600x338.jpg 600w\" sizes=\"auto, (max-width: 756px) 100vw, 756px\" \/><\/a><figcaption>Strand mit Palmen und Tretboten<\/figcaption><\/figure>\n\n\n\n <p> Zur Zerstreuung hatte ich 2 mobile Spielkonsolen dabei und nat\u00fcrlich auch mein Notebook. Besonders stolz bin ich auf darauf, dass ich letzteres lediglich 4 mal aufgeklappt habe. 3 mal sogar ausschlie\u00dflich daf\u00fcr, um die Speicherkarte der Kamera zu entleeren und die Fotos hochzuladen. <\/p> \n\n\n\n <p> Hier soll es aber prim\u00e4r um die Foto-Touren gehen.  <br \/>  <\/p> \n\n\n\n<h2 class=\"wp-block-heading\">Ausr\u00fcstung<\/h2>\n\n\n\n<ul class=\"wp-block-list\"><li>die gute, alte Canon 500D Spiegelreflexkamera inkl. Objektive <br \/> <\/li><li>Fernausl\u00f6ser<\/li><li><a href=\"https:\/\/play.google.com\/store\/apps\/details?id=com.mendhak.gpslogger&amp;hl=de\">GPS-Logger<\/a> auf dem Telefon<\/li><li>Maglite <a rel=\"noopener\" href=\"https:\/\/www.amazon.de\/gp\/product\/B00FVC2ZPK\/ref=oh_aui_detailpage_o01_s01?ie=UTF8&amp;psc=1\" target=\"_blank\">ML300L-S3016<\/a> Taschenlampe mit G\u00fcrtelhalterung <br \/> <\/li><li>Bose <a rel=\"noopener\" href=\"https:\/\/www.amazon.de\/Bose-QuietComfort-Wireless-Kopfh%C3%B6rer-Standard-Schwarz\/dp\/B0756CYWWD\/ref=sr_1_1?ie=UTF8&amp;qid=1534150667&amp;sr=8-1&amp;keywords=qc35+II\" target=\"_blank\">QuietComfort 35 II<\/a> Kopfh\u00f6rer <br \/> <\/li><li><del>Stativ<\/del> (war leider zu schwer f\u00fcr den schon recht vollen Koffer)<\/li><li>Smartwatch, die Schritte, Puls und etc. trackt<\/li><li>wetterfeste Kleidung<\/li><li>Schuhe, die das Abendteuer nicht \u00fcberlebt haben <span class=\"wp-font-emots-emo-grin\"><\/span><\/li><\/ul>\n\n\n\n <p> Zwingend notwendig erscheinen die Kopfh\u00f6rer und die Taschenlampe auf den ersten Blick nicht, erstere sind es tats\u00e4chlich auch nicht, mit Musik l\u00e4uft es sich aber angenehmer &#8211; insbesondere, wenn man damit die Au\u00dfenwelt ausblenden kann. Bei der Taschenlampe sah das schon etwas anders aus. In weniger belebten Gegenden gibt es in Galizien h\u00e4ufig nur sehr schmale Gehwege, in abgelegenen Wohngegenden teilweise sogar gar keine. Stra\u00dfenbeleuchtung ist dort auch nicht immer vorhanden. Zu guter letzt kann man mit ner Maglite nicht nur zwielichtiges Volk durch Blenden verwirren, sondern im Notfall auch hart zuschlagen. Das blieb mir aber zum Gl\u00fcck erspart. <\/p> \n\n\n\n <p> Der GPS-Logger l\u00e4uft die ganze Zeit mit und speichert die Position und die Uhrzeit, die Uhr der Kamera ist eingestellt auf die Ortszeit, um sp\u00e4ter in Lightroom die Fotos mit Geokoordinaten versehen zu k\u00f6nnen. Wie mein <a href=\"https:\/\/www.commander1024.de\/wordpress\/2018\/02\/mein-foto-workflow\/\" target=\"_blank\" rel=\"noreferrer noopener\" aria-label=\"Foto-Workflow (\u00f6ffnet in neuem Tab)\">Foto-Workflow<\/a> aussieht, habe ich auch bereits gebloggt. <\/p> \n\n\n\n<div class=\"wp-block-image\"><figure class=\"aligncenter\"><img loading=\"lazy\" decoding=\"async\" width=\"485\" height=\"721\" src=\"https:\/\/www.commander1024.de\/wordpress\/wp-content\/uploads\/2018\/08\/Bildschirmfoto-von-2018-08-14-16-04-11.png\" alt=\"\" class=\"wp-image-5199\" srcset=\"https:\/\/www.commander1024.de\/wordpress\/wp-content\/uploads\/2018\/08\/Bildschirmfoto-von-2018-08-14-16-04-11.png 485w, https:\/\/www.commander1024.de\/wordpress\/wp-content\/uploads\/2018\/08\/Bildschirmfoto-von-2018-08-14-16-04-11-404x600.png 404w, https:\/\/www.commander1024.de\/wordpress\/wp-content\/uploads\/2018\/08\/Bildschirmfoto-von-2018-08-14-16-04-11-202x300.png 202w, https:\/\/www.commander1024.de\/wordpress\/wp-content\/uploads\/2018\/08\/Bildschirmfoto-von-2018-08-14-16-04-11-101x150.png 101w, https:\/\/www.commander1024.de\/wordpress\/wp-content\/uploads\/2018\/08\/Bildschirmfoto-von-2018-08-14-16-04-11-151x225.png 151w, https:\/\/www.commander1024.de\/wordpress\/wp-content\/uploads\/2018\/08\/Bildschirmfoto-von-2018-08-14-16-04-11-227x337.png 227w\" sizes=\"auto, (max-width: 485px) 100vw, 485px\" \/><figcaption>GPS Tracks auf einer OpenStreetMap Karte dargestellt.<\/figcaption><\/figure><\/div>\n\n\n\n <p> Den Fernausl\u00f6ser benutze ich, um die Kamera f\u00fcr Langzeitaufnahmen wackelfrei ausl\u00f6sen zu k\u00f6nnen, ohne auf den Selbstausl\u00f6ser zur\u00fcckgreifen zu m\u00fcssen. Ferner erm\u00f6glicht er Belichtungszeiten von \u00fcber 30s. Hiervon habe ich auch rege Gebraucht gemacht. <\/p> \n\n\n\n<figure class=\"wp-block-image\"><a href=\"https:\/\/www.commander1024.de\/wordpress\/wp-content\/uploads\/2019\/02\/DSC_2748.jpg\"><img loading=\"lazy\" decoding=\"async\" width=\"756\" height=\"425\" src=\"https:\/\/www.commander1024.de\/wordpress\/wp-content\/uploads\/2019\/02\/DSC_2748-756x425.jpg\" alt=\"Ria da Coruna bei Nacht\" class=\"wp-image-5510\" srcset=\"https:\/\/www.commander1024.de\/wordpress\/wp-content\/uploads\/2019\/02\/DSC_2748-756x425.jpg 756w, https:\/\/www.commander1024.de\/wordpress\/wp-content\/uploads\/2019\/02\/DSC_2748-800x450.jpg 800w, https:\/\/www.commander1024.de\/wordpress\/wp-content\/uploads\/2019\/02\/DSC_2748-1920x1080.jpg 1920w, https:\/\/www.commander1024.de\/wordpress\/wp-content\/uploads\/2019\/02\/DSC_2748-300x169.jpg 300w, https:\/\/www.commander1024.de\/wordpress\/wp-content\/uploads\/2019\/02\/DSC_2748-768x432.jpg 768w, https:\/\/www.commander1024.de\/wordpress\/wp-content\/uploads\/2019\/02\/DSC_2748-1536x864.jpg 1536w, https:\/\/www.commander1024.de\/wordpress\/wp-content\/uploads\/2019\/02\/DSC_2748-2048x1152.jpg 2048w, https:\/\/www.commander1024.de\/wordpress\/wp-content\/uploads\/2019\/02\/DSC_2748-2000x1125.jpg 2000w, https:\/\/www.commander1024.de\/wordpress\/wp-content\/uploads\/2019\/02\/DSC_2748-1600x900.jpg 1600w, https:\/\/www.commander1024.de\/wordpress\/wp-content\/uploads\/2019\/02\/DSC_2748-150x84.jpg 150w, https:\/\/www.commander1024.de\/wordpress\/wp-content\/uploads\/2019\/02\/DSC_2748-945x532.jpg 945w, https:\/\/www.commander1024.de\/wordpress\/wp-content\/uploads\/2019\/02\/DSC_2748-600x338.jpg 600w\" sizes=\"auto, (max-width: 756px) 100vw, 756px\" \/><\/a><figcaption>Ria da Coruna bei Nacht<\/figcaption><\/figure>\n\n\n\n<h2 class=\"wp-block-heading\">Bereit? Alles dabei? Dann los!<\/h2>\n\n\n\n <p> Der &#8222;ruhige&#8220; Teil des Tages begann f\u00fcr mich immer dann, wenn alle Kinder schlafend im Bett lagen. Dies variierte durchaus. Die ersten Tage bin ich einfach vor die T\u00fcr getreten und in eine beliebige Richtung losmarschiert. Verlaufen ist  ja quasi unm\u00f6glich heutzutage mit Smartphone in der Tasche &#8211; EU Roaming sei Dank. <\/p> \n\n\n\n <p> Im weiteren Verlauf habe ich meine n\u00e4chtlichen Touren sogar ein wenig geplant. Ich habe so regelm\u00e4\u00dfig (im Schnitt jeden 2. Tag) bis zu 20km zu Fu\u00df zur\u00fcck gelegt. In der Folge habe ich so sogar &#8211; trotz leckerer, reichhaltiger Schlemmerei &#8211; etwas abgenommen. Das war das erste mal, dass ich im Urlaub nicht zugenommen habe. <span class=\"wp-font-emots-emo-grin\"><\/span> <\/p> \n\n\n\n <p> Ich habe mir angew\u00f6hnt, die Umgebung im 3:2 Seitenverh\u00e4ltnis zu betrachten. Das Motiv fliegt mir so quasi von alleine zu. Wenn ich denke, dass so ein sch\u00f6nes Foto entstehen k\u00f6nnte, halte ich quasi nur noch drauf. F\u00fcr die Langzeitbelichtungen muss ich den Viewport &#8211; mangels Stativ &#8211; noch in eine Linie mit einem m\u00f6glichen Ablageort f\u00fcr die Kamera in Einklang bringen. <\/p> \n\n\n\n<h2 class=\"wp-block-heading\">Pic, or it didn&#8217;t happen!!11einself<\/h2>\n\n\n\n <p> Eine Auswahl der Fotos werde ich garantiert noch ver\u00f6ffentlichen &#8211; da sind wirklich nen paar kleine Sch\u00e4tze dabei. <span class=\"wp-font-emots-emo-wink\"><\/span> <\/p> \n\n\n\n <p> In der Zwischenzeit k\u00f6nnt Ihr Euch die <a href=\"https:\/\/gallery.commander1024.de\/index.php?\/category\/spanien-herbst-2017\" target=\"_blank\" rel=\"noreferrer noopener\" aria-label=\"Fotos aus 2017 (\u00f6ffnet in neuem Tab)\">Fotos aus 2017<\/a> ansehen. <br \/>  <\/p> \n","protected":false},"excerpt":{"rendered":" <p> Dieser Artikel lag jetzt schon eine ganze Weile seit dem Urlaub unfertig herum. Urspr\u00fcnglich wollte ich ihn zusammen mit den Fotos ver\u00f6ffentlichen. An der Front werde ich aber derzeit von einer defekten Festplatte im NAS ausgebremst. Das hatte ich in der Folge heruntergefahren, um Datenverlust vorzubeugen. Daher gibt es hier auch bislang nur Handyfotos zu&hellip; <\/p> \n","protected":false},"author":1,"featured_media":5507,"comment_status":"open","ping_status":"open","sticky":false,"template":"","format":"standard","meta":{"activitypub_content_warning":"","activitypub_content_visibility":"","activitypub_max_image_attachments":4,"activitypub_interaction_policy_quote":"anyone","activitypub_status":"","footnotes":""},"categories":[97,90,80,418],"tags":[420,395,34,389,419,422],"class_list":["post-5189","post","type-post","status-publish","format-standard","has-post-thumbnail","hentry","category-fotografie","category-freizeit","category-reisen","category-spanien","tag-a-coruna","tag-fotografie","tag-gps","tag-reisen","tag-spanien","tag-urlaub","comments-open","no-comments"],"yoast_head":"<!-- This site is optimized with the Yoast SEO plugin v27.5 - https:\/\/yoast.com\/product\/yoast-seo-wordpress\/ -->\n<title>Urlaub Galizien 2018 Foto-Tour &#8211; Commander1024<\/title>\n<meta name=\"description\" content=\"Lang war er her, der letzte Urlaub, so war es h\u00f6chste Zeit, den hiesigen, h\u00f6llischen Temperaturen zu entfliehen und in den k\u00fchleren S\u00fcden zu entfliehen.\" \/>\n<meta name=\"robots\" content=\"index, follow, max-snippet:-1, max-image-preview:large, max-video-preview:-1\" \/>\n<link rel=\"canonical\" href=\"https:\/\/www.commander1024.de\/wordpress\/2019\/02\/urlaub-galizien-2018-foto-tour\/\" \/>\n<meta name=\"twitter:label1\" content=\"Verfasst von\" \/>\n\t<meta name=\"twitter:data1\" content=\"Marcus Scholz\" \/>\n\t<meta name=\"twitter:label2\" content=\"Gesch\u00e4tzte Lesezeit\" \/>\n\t<meta name=\"twitter:data2\" content=\"4\u00a0Minuten\" \/>\n<script type=\"application\/ld+json\" class=\"yoast-schema-graph\">{\"@context\":\"https:\\\/\\\/schema.org\",\"@graph\":[{\"@type\":\"Article\",\"@id\":\"https:\\\/\\\/www.commander1024.de\\\/wordpress\\\/2019\\\/02\\\/urlaub-galizien-2018-foto-tour\\\/#article\",\"isPartOf\":{\"@id\":\"https:\\\/\\\/www.commander1024.de\\\/wordpress\\\/2019\\\/02\\\/urlaub-galizien-2018-foto-tour\\\/\"},\"author\":{\"name\":\"Marcus Scholz\",\"@id\":\"https:\\\/\\\/www.commander1024.de\\\/wordpress\\\/#\\\/schema\\\/person\\\/aebb61d9f57867e2234becde6d99da8d\"},\"headline\":\"Urlaub Galizien 2018 Foto-Tour\",\"datePublished\":\"2019-02-06T15:43:22+00:00\",\"dateModified\":\"2019-02-06T19:09:42+00:00\",\"mainEntityOfPage\":{\"@id\":\"https:\\\/\\\/www.commander1024.de\\\/wordpress\\\/2019\\\/02\\\/urlaub-galizien-2018-foto-tour\\\/\"},\"wordCount\":763,\"commentCount\":0,\"publisher\":{\"@id\":\"https:\\\/\\\/www.commander1024.de\\\/wordpress\\\/#\\\/schema\\\/person\\\/aebb61d9f57867e2234becde6d99da8d\"},\"image\":{\"@id\":\"https:\\\/\\\/www.commander1024.de\\\/wordpress\\\/2019\\\/02\\\/urlaub-galizien-2018-foto-tour\\\/#primaryimage\"},\"thumbnailUrl\":\"https:\\\/\\\/www.commander1024.de\\\/wordpress\\\/wp-content\\\/uploads\\\/2019\\\/02\\\/DSC_2732-scaled.jpg\",\"keywords\":[\"A Coruna\",\"Fotografie\",\"GPS\",\"Reisen\",\"Spanien\",\"Urlaub\"],\"articleSection\":[\"Fotografie\",\"Freizeit\",\"Reisen\",\"Spanien\"],\"inLanguage\":\"de\",\"potentialAction\":[{\"@type\":\"CommentAction\",\"name\":\"Comment\",\"target\":[\"https:\\\/\\\/www.commander1024.de\\\/wordpress\\\/2019\\\/02\\\/urlaub-galizien-2018-foto-tour\\\/#respond\"]}]},{\"@type\":\"WebPage\",\"@id\":\"https:\\\/\\\/www.commander1024.de\\\/wordpress\\\/2019\\\/02\\\/urlaub-galizien-2018-foto-tour\\\/\",\"url\":\"https:\\\/\\\/www.commander1024.de\\\/wordpress\\\/2019\\\/02\\\/urlaub-galizien-2018-foto-tour\\\/\",\"name\":\"Urlaub Galizien 2018 Foto-Tour &#8211; Commander1024\",\"isPartOf\":{\"@id\":\"https:\\\/\\\/www.commander1024.de\\\/wordpress\\\/#website\"},\"primaryImageOfPage\":{\"@id\":\"https:\\\/\\\/www.commander1024.de\\\/wordpress\\\/2019\\\/02\\\/urlaub-galizien-2018-foto-tour\\\/#primaryimage\"},\"image\":{\"@id\":\"https:\\\/\\\/www.commander1024.de\\\/wordpress\\\/2019\\\/02\\\/urlaub-galizien-2018-foto-tour\\\/#primaryimage\"},\"thumbnailUrl\":\"https:\\\/\\\/www.commander1024.de\\\/wordpress\\\/wp-content\\\/uploads\\\/2019\\\/02\\\/DSC_2732-scaled.jpg\",\"datePublished\":\"2019-02-06T15:43:22+00:00\",\"dateModified\":\"2019-02-06T19:09:42+00:00\",\"description\":\"Lang war er her, der letzte Urlaub, so war es h\u00f6chste Zeit, den hiesigen, h\u00f6llischen Temperaturen zu entfliehen und in den k\u00fchleren S\u00fcden zu entfliehen.\",\"breadcrumb\":{\"@id\":\"https:\\\/\\\/www.commander1024.de\\\/wordpress\\\/2019\\\/02\\\/urlaub-galizien-2018-foto-tour\\\/#breadcrumb\"},\"inLanguage\":\"de\",\"potentialAction\":[{\"@type\":\"ReadAction\",\"target\":[\"https:\\\/\\\/www.commander1024.de\\\/wordpress\\\/2019\\\/02\\\/urlaub-galizien-2018-foto-tour\\\/\"]}]},{\"@type\":\"ImageObject\",\"inLanguage\":\"de\",\"@id\":\"https:\\\/\\\/www.commander1024.de\\\/wordpress\\\/2019\\\/02\\\/urlaub-galizien-2018-foto-tour\\\/#primaryimage\",\"url\":\"https:\\\/\\\/www.commander1024.de\\\/wordpress\\\/wp-content\\\/uploads\\\/2019\\\/02\\\/DSC_2732-scaled.jpg\",\"contentUrl\":\"https:\\\/\\\/www.commander1024.de\\\/wordpress\\\/wp-content\\\/uploads\\\/2019\\\/02\\\/DSC_2732-scaled.jpg\",\"width\":2560,\"height\":1440,\"caption\":\"Blick \u00fcber den M\u00fcndungsbereich des Rio Mero\"},{\"@type\":\"BreadcrumbList\",\"@id\":\"https:\\\/\\\/www.commander1024.de\\\/wordpress\\\/2019\\\/02\\\/urlaub-galizien-2018-foto-tour\\\/#breadcrumb\",\"itemListElement\":[{\"@type\":\"ListItem\",\"position\":1,\"name\":\"Startseite\",\"item\":\"https:\\\/\\\/www.commander1024.de\\\/wordpress\\\/\"},{\"@type\":\"ListItem\",\"position\":2,\"name\":\"Urlaub Galizien 2018 Foto-Tour\"}]},{\"@type\":\"WebSite\",\"@id\":\"https:\\\/\\\/www.commander1024.de\\\/wordpress\\\/#website\",\"url\":\"https:\\\/\\\/www.commander1024.de\\\/wordpress\\\/\",\"name\":\"Dem Commander1024 sein Blog\",\"description\":\"A Network Engineer&#039;s life\",\"publisher\":{\"@id\":\"https:\\\/\\\/www.commander1024.de\\\/wordpress\\\/#\\\/schema\\\/person\\\/aebb61d9f57867e2234becde6d99da8d\"},\"potentialAction\":[{\"@type\":\"SearchAction\",\"target\":{\"@type\":\"EntryPoint\",\"urlTemplate\":\"https:\\\/\\\/www.commander1024.de\\\/wordpress\\\/?s={search_term_string}\"},\"query-input\":{\"@type\":\"PropertyValueSpecification\",\"valueRequired\":true,\"valueName\":\"search_term_string\"}}],\"inLanguage\":\"de\"},{\"@type\":[\"Person\",\"Organization\"],\"@id\":\"https:\\\/\\\/www.commander1024.de\\\/wordpress\\\/#\\\/schema\\\/person\\\/aebb61d9f57867e2234becde6d99da8d\",\"name\":\"Marcus Scholz\",\"image\":{\"@type\":\"ImageObject\",\"inLanguage\":\"de\",\"@id\":\"https:\\\/\\\/www.commander1024.de\\\/wordpress\\\/wp-content\\\/uploads\\\/2020\\\/11\\\/Underground-Tour-89-scaled.jpg\",\"url\":\"https:\\\/\\\/www.commander1024.de\\\/wordpress\\\/wp-content\\\/uploads\\\/2020\\\/11\\\/Underground-Tour-89-scaled.jpg\",\"contentUrl\":\"https:\\\/\\\/www.commander1024.de\\\/wordpress\\\/wp-content\\\/uploads\\\/2020\\\/11\\\/Underground-Tour-89-scaled.jpg\",\"width\":1707,\"height\":2560,\"caption\":\"Marcus Scholz\"},\"logo\":{\"@id\":\"https:\\\/\\\/www.commander1024.de\\\/wordpress\\\/wp-content\\\/uploads\\\/2020\\\/11\\\/Underground-Tour-89-scaled.jpg\"},\"description\":\"Seit Kindheitstagen ist der Computer sein Begleiter. Was mit Linux anfing, wurde 2005 ein\\\/e Beruf\\\/ung, die weit \u00fcber den Arbeitsplatz hinausgeht. Durch stetige Weiterentwicklung fasste er auch im *BSD Segment Fu\u00df und bietet mittlerweile professionelle L\u00f6sungen im Bereich Hosting, Networking und Infrastruktur an. Als Ausgleich besch\u00e4ftigt er sich neben Computerspielen mit der Fotografie.\",\"sameAs\":[\"https:\\\/\\\/www.commander1024.de\",\"https:\\\/\\\/www.facebook.com\\\/Commander1024\",\"https:\\\/\\\/x.com\\\/Commander1024\",\"https:\\\/\\\/www.youtube.com\\\/channel\\\/UCG_WzkCMycoSH7lEcvKHnmA\"],\"url\":\"https:\\\/\\\/www.commander1024.de\\\/wordpress\\\/author\\\/commander1024\\\/\"}]}<\/script>\n<!-- \/ Yoast SEO plugin. -->","yoast_head_json":{"title":"Urlaub Galizien 2018 Foto-Tour &#8211; Commander1024","description":"Lang war er her, der letzte Urlaub, so war es h\u00f6chste Zeit, den hiesigen, h\u00f6llischen Temperaturen zu entfliehen und in den k\u00fchleren S\u00fcden zu entfliehen.","robots":{"index":"index","follow":"follow","max-snippet":"max-snippet:-1","max-image-preview":"max-image-preview:large","max-video-preview":"max-video-preview:-1"},"canonical":"https:\/\/www.commander1024.de\/wordpress\/2019\/02\/urlaub-galizien-2018-foto-tour\/","twitter_misc":{"Verfasst von":"Marcus Scholz","Gesch\u00e4tzte Lesezeit":"4\u00a0Minuten"},"schema":{"@context":"https:\/\/schema.org","@graph":[{"@type":"Article","@id":"https:\/\/www.commander1024.de\/wordpress\/2019\/02\/urlaub-galizien-2018-foto-tour\/#article","isPartOf":{"@id":"https:\/\/www.commander1024.de\/wordpress\/2019\/02\/urlaub-galizien-2018-foto-tour\/"},"author":{"name":"Marcus Scholz","@id":"https:\/\/www.commander1024.de\/wordpress\/#\/schema\/person\/aebb61d9f57867e2234becde6d99da8d"},"headline":"Urlaub Galizien 2018 Foto-Tour","datePublished":"2019-02-06T15:43:22+00:00","dateModified":"2019-02-06T19:09:42+00:00","mainEntityOfPage":{"@id":"https:\/\/www.commander1024.de\/wordpress\/2019\/02\/urlaub-galizien-2018-foto-tour\/"},"wordCount":763,"commentCount":0,"publisher":{"@id":"https:\/\/www.commander1024.de\/wordpress\/#\/schema\/person\/aebb61d9f57867e2234becde6d99da8d"},"image":{"@id":"https:\/\/www.commander1024.de\/wordpress\/2019\/02\/urlaub-galizien-2018-foto-tour\/#primaryimage"},"thumbnailUrl":"https:\/\/www.commander1024.de\/wordpress\/wp-content\/uploads\/2019\/02\/DSC_2732-scaled.jpg","keywords":["A Coruna","Fotografie","GPS","Reisen","Spanien","Urlaub"],"articleSection":["Fotografie","Freizeit","Reisen","Spanien"],"inLanguage":"de","potentialAction":[{"@type":"CommentAction","name":"Comment","target":["https:\/\/www.commander1024.de\/wordpress\/2019\/02\/urlaub-galizien-2018-foto-tour\/#respond"]}]},{"@type":"WebPage","@id":"https:\/\/www.commander1024.de\/wordpress\/2019\/02\/urlaub-galizien-2018-foto-tour\/","url":"https:\/\/www.commander1024.de\/wordpress\/2019\/02\/urlaub-galizien-2018-foto-tour\/","name":"Urlaub Galizien 2018 Foto-Tour &#8211; Commander1024","isPartOf":{"@id":"https:\/\/www.commander1024.de\/wordpress\/#website"},"primaryImageOfPage":{"@id":"https:\/\/www.commander1024.de\/wordpress\/2019\/02\/urlaub-galizien-2018-foto-tour\/#primaryimage"},"image":{"@id":"https:\/\/www.commander1024.de\/wordpress\/2019\/02\/urlaub-galizien-2018-foto-tour\/#primaryimage"},"thumbnailUrl":"https:\/\/www.commander1024.de\/wordpress\/wp-content\/uploads\/2019\/02\/DSC_2732-scaled.jpg","datePublished":"2019-02-06T15:43:22+00:00","dateModified":"2019-02-06T19:09:42+00:00","description":"Lang war er her, der letzte Urlaub, so war es h\u00f6chste Zeit, den hiesigen, h\u00f6llischen Temperaturen zu entfliehen und in den k\u00fchleren S\u00fcden zu entfliehen.","breadcrumb":{"@id":"https:\/\/www.commander1024.de\/wordpress\/2019\/02\/urlaub-galizien-2018-foto-tour\/#breadcrumb"},"inLanguage":"de","potentialAction":[{"@type":"ReadAction","target":["https:\/\/www.commander1024.de\/wordpress\/2019\/02\/urlaub-galizien-2018-foto-tour\/"]}]},{"@type":"ImageObject","inLanguage":"de","@id":"https:\/\/www.commander1024.de\/wordpress\/2019\/02\/urlaub-galizien-2018-foto-tour\/#primaryimage","url":"https:\/\/www.commander1024.de\/wordpress\/wp-content\/uploads\/2019\/02\/DSC_2732-scaled.jpg","contentUrl":"https:\/\/www.commander1024.de\/wordpress\/wp-content\/uploads\/2019\/02\/DSC_2732-scaled.jpg","width":2560,"height":1440,"caption":"Blick \u00fcber den M\u00fcndungsbereich des Rio Mero"},{"@type":"BreadcrumbList","@id":"https:\/\/www.commander1024.de\/wordpress\/2019\/02\/urlaub-galizien-2018-foto-tour\/#breadcrumb","itemListElement":[{"@type":"ListItem","position":1,"name":"Startseite","item":"https:\/\/www.commander1024.de\/wordpress\/"},{"@type":"ListItem","position":2,"name":"Urlaub Galizien 2018 Foto-Tour"}]},{"@type":"WebSite","@id":"https:\/\/www.commander1024.de\/wordpress\/#website","url":"https:\/\/www.commander1024.de\/wordpress\/","name":"Dem Commander1024 sein Blog","description":"A Network Engineer&#039;s life","publisher":{"@id":"https:\/\/www.commander1024.de\/wordpress\/#\/schema\/person\/aebb61d9f57867e2234becde6d99da8d"},"potentialAction":[{"@type":"SearchAction","target":{"@type":"EntryPoint","urlTemplate":"https:\/\/www.commander1024.de\/wordpress\/?s={search_term_string}"},"query-input":{"@type":"PropertyValueSpecification","valueRequired":true,"valueName":"search_term_string"}}],"inLanguage":"de"},{"@type":["Person","Organization"],"@id":"https:\/\/www.commander1024.de\/wordpress\/#\/schema\/person\/aebb61d9f57867e2234becde6d99da8d","name":"Marcus Scholz","image":{"@type":"ImageObject","inLanguage":"de","@id":"https:\/\/www.commander1024.de\/wordpress\/wp-content\/uploads\/2020\/11\/Underground-Tour-89-scaled.jpg","url":"https:\/\/www.commander1024.de\/wordpress\/wp-content\/uploads\/2020\/11\/Underground-Tour-89-scaled.jpg","contentUrl":"https:\/\/www.commander1024.de\/wordpress\/wp-content\/uploads\/2020\/11\/Underground-Tour-89-scaled.jpg","width":1707,"height":2560,"caption":"Marcus Scholz"},"logo":{"@id":"https:\/\/www.commander1024.de\/wordpress\/wp-content\/uploads\/2020\/11\/Underground-Tour-89-scaled.jpg"},"description":"Seit Kindheitstagen ist der Computer sein Begleiter. Was mit Linux anfing, wurde 2005 ein\/e Beruf\/ung, die weit \u00fcber den Arbeitsplatz hinausgeht. Durch stetige Weiterentwicklung fasste er auch im *BSD Segment Fu\u00df und bietet mittlerweile professionelle L\u00f6sungen im Bereich Hosting, Networking und Infrastruktur an. Als Ausgleich besch\u00e4ftigt er sich neben Computerspielen mit der Fotografie.","sameAs":["https:\/\/www.commander1024.de","https:\/\/www.facebook.com\/Commander1024","https:\/\/x.com\/Commander1024","https:\/\/www.youtube.com\/channel\/UCG_WzkCMycoSH7lEcvKHnmA"],"url":"https:\/\/www.commander1024.de\/wordpress\/author\/commander1024\/"}]}},"_links":{"self":[{"href":"https:\/\/www.commander1024.de\/wordpress\/wp-json\/wp\/v2\/posts\/5189","targetHints":{"allow":["GET"]}}],"collection":[{"href":"https:\/\/www.commander1024.de\/wordpress\/wp-json\/wp\/v2\/posts"}],"about":[{"href":"https:\/\/www.commander1024.de\/wordpress\/wp-json\/wp\/v2\/types\/post"}],"author":[{"embeddable":true,"href":"https:\/\/www.commander1024.de\/wordpress\/wp-json\/wp\/v2\/users\/1"}],"replies":[{"embeddable":true,"href":"https:\/\/www.commander1024.de\/wordpress\/wp-json\/wp\/v2\/comments?post=5189"}],"version-history":[{"count":20,"href":"https:\/\/www.commander1024.de\/wordpress\/wp-json\/wp\/v2\/posts\/5189\/revisions"}],"predecessor-version":[{"id":5519,"href":"https:\/\/www.commander1024.de\/wordpress\/wp-json\/wp\/v2\/posts\/5189\/revisions\/5519"}],"wp:featuredmedia":[{"embeddable":true,"href":"https:\/\/www.commander1024.de\/wordpress\/wp-json\/wp\/v2\/media\/5507"}],"wp:attachment":[{"href":"https:\/\/www.commander1024.de\/wordpress\/wp-json\/wp\/v2\/media?parent=5189"}],"wp:term":[{"taxonomy":"category","embeddable":true,"href":"https:\/\/www.commander1024.de\/wordpress\/wp-json\/wp\/v2\/categories?post=5189"},{"taxonomy":"post_tag","embeddable":true,"href":"https:\/\/www.commander1024.de\/wordpress\/wp-json\/wp\/v2\/tags?post=5189"}],"curies":[{"name":"wp","href":"https:\/\/api.w.org\/{rel}","templated":true}]}}